{"id":55247,"date":"2025-07-10T15:02:09","date_gmt":"2025-07-10T13:02:09","guid":{"rendered":"https:\/\/www.iobeya.com\/?p=55247"},"modified":"2025-07-15T10:58:35","modified_gmt":"2025-07-15T08:58:35","slug":"maturite-lean-evaluation-simplifiee","status":"publish","type":"post","link":"https:\/\/www.iobeya.com\/fr\/blog\/maturite-lean-evaluation-simplifiee\/","title":{"rendered":"Maturit\u00e9 Lean: \u00e9valuez votre progression de fa\u00e7on simplifi\u00e9e"},"content":{"rendered":"\t\t<div data-elementor-type=\"wp-post\" data-elementor-id=\"55247\" class=\"elementor elementor-55247 elementor-55148\" data-elementor-post-type=\"post\">\n\t\t\t\t\t\t<section class=\"elementor-section elementor-top-section elementor-element elementor-element-abe9f32 elementor-section-boxed elementor-section-height-default elementor-section-height-default\" data-id=\"abe9f32\" data-element_type=\"section\" data-e-type=\"section\">\n\t\t\t\t\t\t<div class=\"elementor-container elementor-column-gap-default\">\n\t\t\t\t\t<div class=\"elementor-column elementor-col-33 elementor-top-column elementor-element elementor-element-1f72ffcf elementor-hidden-mobile\" data-id=\"1f72ffcf\" data-element_type=\"column\" data-e-type=\"column\">\n\t\t\t<div class=\"elementor-widget-wrap elementor-element-populated\">\n\t\t\t\t\t\t<section class=\"elementor-section elementor-inner-section elementor-element elementor-element-2b35d355 elementor-section-boxed elementor-section-height-default elementor-section-height-default\" data-id=\"2b35d355\" data-element_type=\"section\" data-e-type=\"section\" data-settings=\"{&quot;sticky&quot;:&quot;bottom&quot;,&quot;sticky_offset&quot;:50,&quot;sticky_offset_tablet_extra&quot;:20,&quot;sticky_effects_offset&quot;:150,&quot;sticky_effects_offset_tablet_extra&quot;:699,&quot;sticky_parent&quot;:&quot;yes&quot;,&quot;sticky_on&quot;:[&quot;widescreen&quot;,&quot;desktop&quot;,&quot;laptop&quot;,&quot;tablet_extra&quot;,&quot;tablet&quot;,&quot;mobile_extra&quot;,&quot;mobile&quot;],&quot;sticky_anchor_link_offset&quot;:0}\">\n\t\t\t\t\t\t<div class=\"elementor-container elementor-column-gap-default\">\n\t\t\t\t\t<div class=\"elementor-column elementor-col-100 elementor-inner-column elementor-element elementor-element-2edc355c\" data-id=\"2edc355c\" data-element_type=\"column\" data-e-type=\"column\" data-settings=\"{&quot;background_background&quot;:&quot;classic&quot;}\">\n\t\t\t<div class=\"elementor-widget-wrap elementor-element-populated\">\n\t\t\t\t\t\t<div class=\"elementor-element elementor-element-230083d7 elementor-widget elementor-widget-heading\" data-id=\"230083d7\" data-element_type=\"widget\" data-e-type=\"widget\" data-widget_type=\"heading.default\">\n\t\t\t\t<div class=\"elementor-widget-container\">\n\t\t\t\t\t<h3 class=\"elementor-heading-title elementor-size-default\">Commencer<br \/>\nmon aventure iObeya !<\/h3>\t\t\t\t<\/div>\n\t\t\t\t<\/div>\n\t\t\t\t<div class=\"elementor-element elementor-element-13ef2408 elementor-widget elementor-widget-button\" data-id=\"13ef2408\" data-element_type=\"widget\" data-e-type=\"widget\" data-widget_type=\"button.default\">\n\t\t\t\t<div class=\"elementor-widget-container\">\n\t\t\t\t\t\t\t\t\t<div class=\"elementor-button-wrapper\">\n\t\t\t\t\t<a class=\"elementor-button elementor-button-link elementor-size-sm\" href=\"https:\/\/www.iobeya.com\/fr\/request-a-demo\/\">\n\t\t\t\t\t\t<span class=\"elementor-button-content-wrapper\">\n\t\t\t\t\t\t\t\t\t<span class=\"elementor-button-text\">Demandez une d\u00e9mo<\/span>\n\t\t\t\t\t<\/span>\n\t\t\t\t\t<\/a>\n\t\t\t\t<\/div>\n\t\t\t\t\t\t\t\t<\/div>\n\t\t\t\t<\/div>\n\t\t\t\t\t<\/div>\n\t\t<\/div>\n\t\t\t\t\t<\/div>\n\t\t<\/section>\n\t\t\t\t\t<\/div>\n\t\t<\/div>\n\t\t\t\t<div class=\"elementor-column elementor-col-66 elementor-top-column elementor-element elementor-element-7c7cecb2 article-content\" data-id=\"7c7cecb2\" data-element_type=\"column\" data-e-type=\"column\">\n\t\t\t<div class=\"elementor-widget-wrap elementor-element-populated\">\n\t\t\t\t\t\t<div class=\"elementor-element elementor-element-29057c8f elementor-widget elementor-widget-text-editor\" data-id=\"29057c8f\" data-element_type=\"widget\" data-e-type=\"widget\" data-widget_type=\"text-editor.default\">\n\t\t\t\t<div class=\"elementor-widget-container\">\n\t\t\t\t\t\t\t\t\t<p>Adopter une culture Lean ne se r\u00e9sume pas \u00e0 impl\u00e9menter des outils ou \u00e0 rationaliser les processus.<br>\nIl s\u2019agit avant tout d\u2019une transformation en profondeur de la culture organisationnelle, du management et des modes de collaboration.<br>Mais comment \u00e9valuer o\u00f9 en est une organisation dans ce cheminement ?<br><\/p>\n<p>Parmi les nombreuses approches disponibles pour \u00e9valuer la maturit\u00e9 Lean, nous proposons ici une matrice simplifi\u00e9e.<br>Elle ne pr\u00e9tend pas \u00eatre exhaustive, mais constitue un point d\u2019entr\u00e9e accessible pour se situer de mani\u00e8re globale et amorcer la r\u00e9flexion.<br><\/p>\n<p>La matrice de maturit\u00e9 Lean offre ainsi une premi\u00e8re grille de lecture utile pour diagnostiquer les grandes \u00e9tapes de cette \u00e9volution.<br><\/p>\n<p>Et cela tombe bien : nous avons d\u00e9j\u00e0 exp\u00e9riment\u00e9 cet outil lors d\u2019un workshop avec plusieurs clients pour les aider \u00e0 se positionner.<br>\u00c0 votre tour maintenant : explorons ensemble o\u00f9 en est votre entreprise dans son parcours Lean.<\/p>\t\t\t\t\t\t\t\t<\/div>\n\t\t\t\t<\/div>\n\t\t\t\t<section class=\"elementor-section elementor-inner-section elementor-element elementor-element-2d221c5 elementor-section-boxed elementor-section-height-default elementor-section-height-default\" data-id=\"2d221c5\" data-element_type=\"section\" data-e-type=\"section\">\n\t\t\t\t\t\t<div class=\"elementor-container elementor-column-gap-default\">\n\t\t\t\t\t<div class=\"elementor-column elementor-col-100 elementor-inner-column elementor-element elementor-element-4c42ceec\" data-id=\"4c42ceec\" data-element_type=\"column\" data-e-type=\"column\">\n\t\t\t<div class=\"elementor-widget-wrap elementor-element-populated\">\n\t\t\t\t\t\t<div class=\"elementor-element elementor-element-644e3ab1 num-item elementor-widget elementor-widget-button\" data-id=\"644e3ab1\" data-element_type=\"widget\" data-e-type=\"widget\" data-widget_type=\"button.default\">\n\t\t\t\t<div class=\"elementor-widget-container\">\n\t\t\t\t\t\t\t\t\t<div class=\"elementor-button-wrapper\">\n\t\t\t\t\t<a class=\"elementor-button elementor-button-link elementor-size-sm\" href=\"#anchor1\" id=\"num-item1\">\n\t\t\t\t\t\t<span class=\"elementor-button-content-wrapper\">\n\t\t\t\t\t\t\t\t\t<span class=\"elementor-button-text\">Qu\u2019est-ce que le mod\u00e8le de Maturit\u00e9 Lean ?<\/span>\n\t\t\t\t\t<\/span>\n\t\t\t\t\t<\/a>\n\t\t\t\t<\/div>\n\t\t\t\t\t\t\t\t<\/div>\n\t\t\t\t<\/div>\n\t\t\t\t<div class=\"elementor-element elementor-element-bdaf913 summary-item elementor-widget elementor-widget-button\" data-id=\"bdaf913\" data-element_type=\"widget\" data-e-type=\"widget\" data-widget_type=\"button.default\">\n\t\t\t\t<div class=\"elementor-widget-container\">\n\t\t\t\t\t\t\t\t\t<div class=\"elementor-button-wrapper\">\n\t\t\t\t\t<a class=\"elementor-button elementor-button-link elementor-size-sm\" href=\"#anchor2\" id=\"num-item2\">\n\t\t\t\t\t\t<span class=\"elementor-button-content-wrapper\">\n\t\t\t\t\t\t\t\t\t<span class=\"elementor-button-text\">La Maturit\u00e9 Lean : entre autonomie des \u00e9quipes et diffusion des standards<\/span>\n\t\t\t\t\t<\/span>\n\t\t\t\t\t<\/a>\n\t\t\t\t<\/div>\n\t\t\t\t\t\t\t\t<\/div>\n\t\t\t\t<\/div>\n\t\t\t\t<div class=\"elementor-element elementor-element-59e83b4 summary-item elementor-widget elementor-widget-button\" data-id=\"59e83b4\" data-element_type=\"widget\" data-e-type=\"widget\" data-widget_type=\"button.default\">\n\t\t\t\t<div class=\"elementor-widget-container\">\n\t\t\t\t\t\t\t\t\t<div class=\"elementor-button-wrapper\">\n\t\t\t\t\t<a class=\"elementor-button elementor-button-link elementor-size-sm\" href=\"#anchor3\" id=\"num-item3\">\n\t\t\t\t\t\t<span class=\"elementor-button-content-wrapper\">\n\t\t\t\t\t\t\t\t\t<span class=\"elementor-button-text\">Analyse dans quel Mod\u00e8le de Maturit\u00e9 Lean on se situe <\/span>\n\t\t\t\t\t<\/span>\n\t\t\t\t\t<\/a>\n\t\t\t\t<\/div>\n\t\t\t\t\t\t\t\t<\/div>\n\t\t\t\t<\/div>\n\t\t\t\t<div class=\"elementor-element elementor-element-624bb9b5 elementor-align-left elementor-widget elementor-widget-button\" data-id=\"624bb9b5\" data-element_type=\"widget\" data-e-type=\"widget\" data-widget_type=\"button.default\">\n\t\t\t\t<div class=\"elementor-widget-container\">\n\t\t\t\t\t\t\t\t\t<div class=\"elementor-button-wrapper\">\n\t\t\t\t\t<a class=\"elementor-button elementor-button-link elementor-size-sm\" href=\"#anchor4\" id=\"num-item4\">\n\t\t\t\t\t\t<span class=\"elementor-button-content-wrapper\">\n\t\t\t\t\t\t\t\t\t<span class=\"elementor-button-text\">Conclusion \u2013 Viser une transformation Lean durable et \u00e9quilibr\u00e9e<\/span>\n\t\t\t\t\t<\/span>\n\t\t\t\t\t<\/a>\n\t\t\t\t<\/div>\n\t\t\t\t\t\t\t\t<\/div>\n\t\t\t\t<\/div>\n\t\t\t\t\t<\/div>\n\t\t<\/div>\n\t\t\t\t\t<\/div>\n\t\t<\/section>\n\t\t\t\t<div class=\"elementor-element elementor-element-1b25a048 elementor-widget elementor-widget-heading\" data-id=\"1b25a048\" data-element_type=\"widget\" data-e-type=\"widget\" id=\"anchor1\" data-widget_type=\"heading.default\">\n\t\t\t\t<div class=\"elementor-widget-container\">\n\t\t\t\t\t<h2 class=\"elementor-heading-title elementor-size-default\">Qu\u2019est-ce que le mod\u00e8le de Maturit\u00e9 Lean ? <\/h2>\t\t\t\t<\/div>\n\t\t\t\t<\/div>\n\t\t\t\t<div class=\"elementor-element elementor-element-b340f4b elementor-widget elementor-widget-text-editor\" data-id=\"b340f4b\" data-element_type=\"widget\" data-e-type=\"widget\" data-widget_type=\"text-editor.default\">\n\t\t\t\t<div class=\"elementor-widget-container\">\n\t\t\t\t\t\t\t\t\t<p><strong>Les mod\u00e8les de maturit\u00e9 Lean<\/strong> sont des outils d\u2019\u00e9valuation qui permettent aux organisations de mesurer leur progression dans l\u2019adoption des principes Lean, tels que la r\u00e9duction des gaspillages, l&rsquo;<a href=\"https:\/\/www.iobeya.com\/fr\/blog\/kaizen-amelioration-continue-4-principes\/\">am\u00e9lioration continue<\/a> et la cr\u00e9ation de valeur pour le client.<br><\/p>\n<p>Cette matrice sert \u00e0 diagnostiquer le niveau de maturit\u00e9 d\u2019une entreprise deux axes principaux, afin d\u2019identifier les leviers d&rsquo;am\u00e9lioration et de guider les efforts de transformation.<br><\/p>\n<p>L\u2019objectif est d\u2019orienter l\u2019organisation vers une excellence op\u00e9rationnelle durable, en s\u2019appuyant sur une d\u00e9marche progressive et structur\u00e9e, adapt\u00e9e \u00e0 son contexte et \u00e0 sa capacit\u00e9 de changement.  <\/p>\t\t\t\t\t\t\t\t<\/div>\n\t\t\t\t<\/div>\n\t\t\t\t<div class=\"elementor-element elementor-element-5e5424ac elementor-widget elementor-widget-heading\" data-id=\"5e5424ac\" data-element_type=\"widget\" data-e-type=\"widget\" id=\"anchor2\" data-widget_type=\"heading.default\">\n\t\t\t\t<div class=\"elementor-widget-container\">\n\t\t\t\t\t<h2 class=\"elementor-heading-title elementor-size-default\">La Maturit\u00e9 Lean : entre autonomie des \u00e9quipes et diffusion des standards<\/h2>\t\t\t\t<\/div>\n\t\t\t\t<\/div>\n\t\t\t\t<div class=\"elementor-element elementor-element-74d9cc1d elementor-widget elementor-widget-text-editor\" data-id=\"74d9cc1d\" data-element_type=\"widget\" data-e-type=\"widget\" data-widget_type=\"text-editor.default\">\n\t\t\t\t<div class=\"elementor-widget-container\">\n\t\t\t\t\t\t\t\t\t<p>La matrice de maturit\u00e9 Lean s\u2019appuie sur deux dimensions cl\u00e9s :<br><\/p>\n<ul>\n<li>\n<strong>Le niveau d\u2019\u00ab empowerment \u00bb des \u00e9quipes<\/strong> : Cela renvoie \u00e0 leur degr\u00e9 d\u2019autonomie, de responsabilisation, et d\u2019engagement. Plus les \u00e9quipes sont en mesure de prendre des initiatives et d\u2019agir sur les leviers de performance, plus elles contribuent \u00e0 la dynamique Lean. <\/li>\n<li>\n<p><strong>L\u2019\u00e9tendue des standards Lean et de leur application<\/strong> : Ce crit\u00e8re \u00e9value la maturit\u00e9 du syst\u00e8me Lean en g\u00e9n\u00e9ral, ainsi que ses standards \u2013 sont-ils locaux ou bien d\u00e9ploy\u00e9s de mani\u00e8re globale et homog\u00e8ne dans l\u2019organisation ?<\/p><\/li><\/ul>\n<p>Ces deux axes permettent de positionner une organisation dans l\u2019un des <strong>quatre cadrans<\/strong> de maturit\u00e9 que l\u2019on va voir maintenant. <\/p>\t\t\t\t\t\t\t\t<\/div>\n\t\t\t\t<\/div>\n\t\t\t\t<div class=\"elementor-element elementor-element-550105f2 elementor-widget elementor-widget-heading\" data-id=\"550105f2\" data-element_type=\"widget\" data-e-type=\"widget\" id=\"anchor3\" data-widget_type=\"heading.default\">\n\t\t\t\t<div class=\"elementor-widget-container\">\n\t\t\t\t\t<h2 class=\"elementor-heading-title elementor-size-default\">Analyse dans quel Mod\u00e8le de Maturit\u00e9 Lean on se situe <\/h2>\t\t\t\t<\/div>\n\t\t\t\t<\/div>\n\t\t\t\t<div class=\"elementor-element elementor-element-4095a235 elementor-widget elementor-widget-image\" data-id=\"4095a235\" data-element_type=\"widget\" data-e-type=\"widget\" data-widget_type=\"image.default\">\n\t\t\t\t<div class=\"elementor-widget-container\">\n\t\t\t\t\t\t\t\t\t\t\t\t\t\t\t<img fetchpriority=\"high\" decoding=\"async\" width=\"800\" height=\"491\" src=\"https:\/\/www.iobeya.com\/wp-content\/uploads\/2025\/07\/3-focus-sur-lorganisation-archipel-dans-le-modele-de-maturite-lean-1024x628.webp\" class=\"attachment-large size-large wp-image-55260\" alt=\"Zoom sur le cadran Archipel : structure \u00e9clat\u00e9e, management par le contr\u00f4le et pratiques locales dans le mod\u00e8le Lean &amp; Agile\" srcset=\"https:\/\/www.iobeya.com\/wp-content\/uploads\/2025\/07\/3-focus-sur-lorganisation-archipel-dans-le-modele-de-maturite-lean-1024x628.webp 1024w, https:\/\/www.iobeya.com\/wp-content\/uploads\/2025\/07\/3-focus-sur-lorganisation-archipel-dans-le-modele-de-maturite-lean-300x184.webp 300w, https:\/\/www.iobeya.com\/wp-content\/uploads\/2025\/07\/3-focus-sur-lorganisation-archipel-dans-le-modele-de-maturite-lean-768x471.webp 768w, https:\/\/www.iobeya.com\/wp-content\/uploads\/2025\/07\/3-focus-sur-lorganisation-archipel-dans-le-modele-de-maturite-lean-1536x942.webp 1536w, https:\/\/www.iobeya.com\/wp-content\/uploads\/2025\/07\/3-focus-sur-lorganisation-archipel-dans-le-modele-de-maturite-lean.webp 1728w\" sizes=\"(max-width: 800px) 100vw, 800px\" \/>\t\t\t\t\t\t\t\t\t\t\t\t\t\t\t<\/div>\n\t\t\t\t<\/div>\n\t\t\t\t<div class=\"elementor-element elementor-element-65fd7d6d elementor-widget elementor-widget-text-editor\" data-id=\"65fd7d6d\" data-element_type=\"widget\" data-e-type=\"widget\" data-widget_type=\"text-editor.default\">\n\t\t\t\t<div class=\"elementor-widget-container\">\n\t\t\t\t\t\t\t\t\t<p><strong>Ce cadran refl\u00e8te une organisation o\u00f9 le Lean est appliqu\u00e9 de fa\u00e7on ponctuelle et localis\u00e9e, l\u2019engagement des \u00e9quipes \u00e9tant limit\u00e9, voire faible, ce qui freine la p\u00e9rennisation des pratiques, qui sont tr\u00e8s \u00ab personne \u00bb d\u00e9pendants.<\/strong><\/p>\n<p>Imaginons une organisation compos\u00e9e de <strong>multiples petites unit\u00e9s<\/strong>, dispers\u00e9es, ind\u00e9pendantes, parfois m\u00eame invisibles les unes des autres. Chacune fonctionne selon ses propres priorit\u00e9s, sous l\u2019impulsion forte de son directeur, souvent issu des rangs techniques. La culture manag\u00e9riale a une empreinte traditionnelle, avec une concentration du pouvoir d\u00e9cisionnaire sur le\/les \u00ab sachants \u00bb.<\/p>\n<p>Bienvenue dans <strong>l\u2019organisation \u201cArchipel\u201d<\/strong>.<\/p>\n<p>Ici, on retrouve souvent les entreprises dites \u00ab en r\u00e9seau \u00bb, constitu\u00e9es de petites unit\u00e9s op\u00e9rationnelles distribu\u00e9es sur un territoire donn\u00e9, pour en garantir le \u00ab maillage \u00bb.<\/p>\n<p>Ce genre de mod\u00e8le a tendance, surtout dans les phases de croissance initiales, \u00e0 fonder son avantage comp\u00e9titif sur l\u2019esprit entrepreneurial et la proximit\u00e9 client. Des bons liens commerciaux sont tiss\u00e9s avec le territoire et le client est en g\u00e9n\u00e9ral satisfait.<\/p>\n<p>Dans ce contexte, beaucoup d\u00e9pend du patron du site, qui rend peu de comptes \u00ab au si\u00e8ge \u00bb sur comment son unit\u00e9 fonctionne en pratique. S\u2019il pr\u00e9sente de \u00ab bons chiffres \u00bb en termes de P&amp;L et OWC, on ne viendra pas lui poser de questions.<\/p>\n<p>La maturit\u00e9 Lean est par construction h\u00e9t\u00e9rog\u00e8ne, avec des sites peuvent \u00eatre assez m\u00fbrs, sous l\u2019impulsion de leur patron, mais \u00e9galement afficher un mode de management tr\u00e8s traditionnel.<\/p>\n<p>Chaque site fait ce qu\u2019il peut, comme il peut, avec ce qu\u2019il a.<br>Au niveau de l\u2019entreprise, il n\u2019y aura pas de standards communs, il y aura peu de transversalit\u00e9 et, en g\u00e9n\u00e9ral, Q<strong>peu de dialogue entre les sites (\u00eelots)<\/strong>.<\/p>\n<p>C\u2019est un territoire d\u2019exploration, souvent cr\u00e9atif, mais <strong>fragile<\/strong> : les initiatives naissent, mais peinent \u00e0 durer et restent tr\u00e8s d\u00e9pendantes du patron de site. Rien n\u2019assure que ce qui a \u00e9t\u00e9 construit par le patron d\u2019un site ne sera pas d\u00e9mantel\u00e9 par son successeur.<\/p>\n<p>Dans cette configuration, le risque est clair : <strong>chaque site-\u00eelot se \u00ab d\u00e9brouille \u00bb<\/strong>, mais l\u2019entreprise, dans son ensemble, <strong>ne progresse pas vraiment<\/strong>. On tente, on teste, on abandonne. Et souvent, <strong>la frustration des \u00e9quipes grandit<\/strong>, surtout quand on compare les r\u00e9sultats \u00e0 l\u2019\u00e9nergie investie.<\/p>\n<p>Pour sortir de l\u2019\u201cArchipel\u201d, il faut :<\/p><p>1) poser une base m\u00e9thodologique et culturelle commune \u00e0 tous les patrons de site. <strong>Il faut<\/strong> identifier les unit\u00e9s o\u00f9 \u00e7a marche, et en faire <strong>des exemples<\/strong>. Les patrons\/ \u00ab barons \u00bb locaux sont cens\u00e9s percevoir le Lean comme une vraie opportunit\u00e9 pour (re)motiver les \u00e9quipes et impacter les r\u00e9sultats.<\/p><p>2)&nbsp;animer le partage entre sites-\u00eelots des standards efficaces pour tous et, \u00e9ventuellement, promouvoir une certaine collaboration op\u00e9rationnelle directe et une mutualisation de certains moyens, si cela s\u2019av\u00e8re b\u00e9n\u00e9fique.<\/p><p>Ce n\u2019est pas la force qui permet \u00e0 l\u2019archipel de se transformer en continent, mais <strong>la connexion, la confiance<\/strong>, et <strong>la narration commune<\/strong>.<\/p><p>Le passage vers une culture plus structur\u00e9e n\u00e9cessite alors <strong>du temps, de l\u2019\u00e9coute<\/strong>, et souvent <strong>un accompagnement cibl\u00e9<\/strong> pour que chacun comprenne comment <strong>son \u00eelot peut devenir une \u00eele reli\u00e9e \u00e0 un ensemble plus grand<\/strong>.<\/p>\t\t\t\t\t\t\t\t<\/div>\n\t\t\t\t<\/div>\n\t\t\t\t<div class=\"elementor-element elementor-element-b2bc786 elementor-widget elementor-widget-heading\" data-id=\"b2bc786\" data-element_type=\"widget\" data-e-type=\"widget\" data-widget_type=\"heading.default\">\n\t\t\t\t<div class=\"elementor-widget-container\">\n\t\t\t\t\t<h3 class=\"elementor-heading-title elementor-size-default\">L\u2019organisation \u201cM\u00e9canique\u201d : huil\u00e9e, cadr\u00e9e\u2026 mais fig\u00e9e (Bas droite) <\/h3>\t\t\t\t<\/div>\n\t\t\t\t<\/div>\n\t\t\t\t<div class=\"elementor-element elementor-element-4d0e50c elementor-widget elementor-widget-image\" data-id=\"4d0e50c\" data-element_type=\"widget\" data-e-type=\"widget\" data-widget_type=\"image.default\">\n\t\t\t\t<div class=\"elementor-widget-container\">\n\t\t\t\t\t\t\t\t\t\t\t\t\t\t\t<img decoding=\"async\" width=\"800\" height=\"491\" src=\"https:\/\/www.iobeya.com\/wp-content\/uploads\/2025\/07\/4-focus-sur-lorganisation-mecanique-dans-le-modele-de-maturite-lean-1024x628.webp\" class=\"attachment-large size-large wp-image-55263\" alt=\"Zoom sur le cadran M\u00e9canique : structure centralis\u00e9e, pilotage par la norme et management par le contr\u00f4le dans une approche Lean\" srcset=\"https:\/\/www.iobeya.com\/wp-content\/uploads\/2025\/07\/4-focus-sur-lorganisation-mecanique-dans-le-modele-de-maturite-lean-1024x628.webp 1024w, https:\/\/www.iobeya.com\/wp-content\/uploads\/2025\/07\/4-focus-sur-lorganisation-mecanique-dans-le-modele-de-maturite-lean-300x184.webp 300w, https:\/\/www.iobeya.com\/wp-content\/uploads\/2025\/07\/4-focus-sur-lorganisation-mecanique-dans-le-modele-de-maturite-lean-768x471.webp 768w, https:\/\/www.iobeya.com\/wp-content\/uploads\/2025\/07\/4-focus-sur-lorganisation-mecanique-dans-le-modele-de-maturite-lean-1536x942.webp 1536w, https:\/\/www.iobeya.com\/wp-content\/uploads\/2025\/07\/4-focus-sur-lorganisation-mecanique-dans-le-modele-de-maturite-lean.webp 1728w\" sizes=\"(max-width: 800px) 100vw, 800px\" \/>\t\t\t\t\t\t\t\t\t\t\t\t\t\t\t<\/div>\n\t\t\t\t<\/div>\n\t\t\t\t<div class=\"elementor-element elementor-element-3df6d17 elementor-widget elementor-widget-text-editor\" data-id=\"3df6d17\" data-element_type=\"widget\" data-e-type=\"widget\" data-widget_type=\"text-editor.default\">\n\t\t\t\t<div class=\"elementor-widget-container\">\n\t\t\t\t\t\t\t\t\t<p><strong>Ici, les standards Lean sont largement d\u00e9ploy\u00e9s mais appliqu\u00e9s de fa\u00e7on rigide et descendante, sans r\u00e9elle appropriation par les \u00e9quipes. Cette configuration g\u00e9n\u00e8re une stabilit\u00e9 statique, une culture conformiste, et une digitalisation orient\u00e9e contr\u00f4le, qui freinent l\u2019innovation et l\u2019adaptabilit\u00e9.<\/strong><br><\/p>\n<p>Imaginez une organisation <strong>parfaitement ordonn\u00e9e<\/strong>. Chaque processus est document\u00e9, chaque indicateur scrut\u00e9, chaque action planifi\u00e9e. Les rituels sont en place, les standards Lean sont bien d\u00e9ploy\u00e9s, les tableaux de bord impeccables. Sur le papier, tout fonctionne.<br><\/p>\n<p>Bienvenue dans <strong>l\u2019organisation \u201cM\u00e9canique\u201d<\/strong>.<br><\/p>\n<p>Ici, le Lean est <strong>s\u00e9rieux, rigoureux\u2026 mais souvent v\u00e9cu comme une obligation<\/strong>. Les <a href=\"\/fr\/blog\/comment-booster-votre-transformation-lean-en-optimisant-les-rituels-de-reunions-collaboratives-avec-iobeya\/\">r\u00e9unions quotidiennes<\/a> ont lieu, mais le dialogue y est parfois fig\u00e9. Les indicateurs sont suivis, mais rarement remis en question. L\u2019am\u00e9lioration continue existe, mais <strong>dans un cadre tr\u00e8s norm\u00e9<\/strong>, presque verrouill\u00e9.<br><\/p>\n<p>Dans ce type d\u2019organisation, <strong>l&rsquo;engagement vient d\u2019en haut<\/strong>. La direction impulse, structure, d\u00e9ploie. Mais sur le terrain, <strong>les \u00e9quipes manquent d\u2019autonomie<\/strong>. Elles appliquent, mais n\u2019osent pas toujours proposer. La posture reste <strong>descendante<\/strong>, parfois m\u00eame un peu froide. Le Lean devient une m\u00e9canique bien huil\u00e9e, mais <strong>peu vivante<\/strong>.<\/p>\n<p>Et pourtant\u2026 ce mod\u00e8le a ses forces :<br><\/p>\n<ul>\n<li><strong>Une grande stabilit\u00e9.<\/strong><\/li>\n<li><strong>Des r\u00e9sultats r\u00e9guliers<\/strong>, surtout en qualit\u00e9 et en conformit\u00e9.<\/li>\n<li><strong>Une capacit\u00e9 \u00e0 maintenir un cap<\/strong>, m\u00eame dans un environnement exigeant.<\/li><\/ul><div><br><\/div>\n<p>Mais il atteint vite ses limites quand l\u2019environnement change, quand il faut innover, s\u2019adapter, coop\u00e9rer de mani\u00e8re transverse. Les standards deviennent alors des freins plus que des appuis. Et <strong>l\u2019innovation s\u2019\u00e9puise<\/strong>, car elle ne trouve pas l\u2019espace pour \u00e9merger.<br><\/p>\n<p>Dans une organisation m\u00e9canique, le risque, c\u2019est <strong>l\u2019essoufflement<\/strong>. On fonctionne, mais on n\u2019\u00e9volue plus. Le syst\u00e8me tourne, mais <strong>sans le moteur humain<\/strong>.<br><\/p>\n<p>Alors, comment passer \u00e0 l\u2019\u00e9tape suivante ?<br>Il ne s\u2019agit pas de d\u00e9monter la machine, mais de <strong>la rendre plus souple<\/strong>. D\u2019introduire <strong>plus d\u2019\u00e9coute, plus de marge de man\u0153uvre<\/strong>. De <strong>reconnecter les standards au terrain<\/strong>, de les <strong>co-construire<\/strong> avec les \u00e9quipes. De r\u00e9injecter du sens dans les rituels.<br><\/p>\n<p>C\u2019est en donnant <strong>la parole \u00e0 ceux qui font<\/strong>, en cr\u00e9ant un espace pour l\u2019initiative, que l\u2019organisation peut passer de la m\u00e9canique \u00e0 l\u2019<strong>apprenance<\/strong>. Non plus une machine bien r\u00e9gl\u00e9e, mais <strong>un syst\u00e8me vivant<\/strong>, capable d\u2019apprendre, d\u2019\u00e9voluer et de se transformer.<\/p>\t\t\t\t\t\t\t\t<\/div>\n\t\t\t\t<\/div>\n\t\t\t\t<div class=\"elementor-element elementor-element-2a45a56 elementor-widget elementor-widget-heading\" data-id=\"2a45a56\" data-element_type=\"widget\" data-e-type=\"widget\" data-widget_type=\"heading.default\">\n\t\t\t\t<div class=\"elementor-widget-container\">\n\t\t\t\t\t<h3 class=\"elementor-heading-title elementor-size-default\">Le \u201cVillage Gaulois\u201d : quand l\u2019engagement ne suffit plus (Haut gauche) <\/h3>\t\t\t\t<\/div>\n\t\t\t\t<\/div>\n\t\t\t\t<div class=\"elementor-element elementor-element-987fd25 elementor-widget elementor-widget-image\" data-id=\"987fd25\" data-element_type=\"widget\" data-e-type=\"widget\" data-widget_type=\"image.default\">\n\t\t\t\t<div class=\"elementor-widget-container\">\n\t\t\t\t\t\t\t\t\t\t\t\t\t\t\t<img decoding=\"async\" width=\"800\" height=\"491\" src=\"https:\/\/www.iobeya.com\/wp-content\/uploads\/2025\/07\/5-focus-sur-lorganisation-village-gaulois-dans-le-modele-de-maturite-lean-1024x628.webp\" class=\"attachment-large size-large wp-image-55266\" alt=\"Zoom sur le cadran Village Gaulois : structure \u00e9parse, autonomie forte, pilotage par les r\u00e9sultats et culture port\u00e9e par les valeurs\" srcset=\"https:\/\/www.iobeya.com\/wp-content\/uploads\/2025\/07\/5-focus-sur-lorganisation-village-gaulois-dans-le-modele-de-maturite-lean-1024x628.webp 1024w, https:\/\/www.iobeya.com\/wp-content\/uploads\/2025\/07\/5-focus-sur-lorganisation-village-gaulois-dans-le-modele-de-maturite-lean-300x184.webp 300w, https:\/\/www.iobeya.com\/wp-content\/uploads\/2025\/07\/5-focus-sur-lorganisation-village-gaulois-dans-le-modele-de-maturite-lean-768x471.webp 768w, https:\/\/www.iobeya.com\/wp-content\/uploads\/2025\/07\/5-focus-sur-lorganisation-village-gaulois-dans-le-modele-de-maturite-lean-1536x942.webp 1536w, https:\/\/www.iobeya.com\/wp-content\/uploads\/2025\/07\/5-focus-sur-lorganisation-village-gaulois-dans-le-modele-de-maturite-lean.webp 1728w\" sizes=\"(max-width: 800px) 100vw, 800px\" \/>\t\t\t\t\t\t\t\t\t\t\t\t\t\t\t<\/div>\n\t\t\t\t<\/div>\n\t\t\t\t<div class=\"elementor-element elementor-element-75bfdd7 elementor-widget__width-initial elementor-widget elementor-widget-text-editor\" data-id=\"75bfdd7\" data-element_type=\"widget\" data-e-type=\"widget\" data-widget_type=\"text-editor.default\">\n\t\t\t\t<div class=\"elementor-widget-container\">\n\t\t\t\t\t\t\t\t\t<p><strong>Dans ce cas, les \u00e9quipes sont tr\u00e8s impliqu\u00e9es et engag\u00e9es, mais les pratiques restent localis\u00e9es.<br>L\u2019organisation b\u00e9n\u00e9ficie d\u2019une forte adaptabilit\u00e9, mais souffre aussi d\u2019instabilit\u00e9 et d\u2019une culture du h\u00e9ros, o\u00f9 les r\u00e9sultats d\u00e9pendent trop d\u2019individus cl\u00e9s. La digitalisation y est rapide mais peu int\u00e9gr\u00e9e.<\/strong><br><\/p>\n<p><em>\u00ab Nous avons une forte autonomie, mais chaque entit\u00e9 avance selon ses propres pratiques.<br>L\u2019h\u00e9t\u00e9rog\u00e9n\u00e9it\u00e9 est un frein \u00e0 la p\u00e9rennisation. \u00bb nous indique un client.<\/em><br><\/p>\n<p>Imaginons une entreprise aux multiples d\u00e9partements, chacun avec ses propres rituels, ses m\u00e9thodes de travail, et surtout, <strong>sa propre culture Lean<\/strong>. Dans certains coins de l\u2019organisation, on sent un vrai souffle : des \u00e9quipes engag\u00e9es, proactives, qui prennent les devants pour am\u00e9liorer leur quotidien. On voit des panneaux visuels bien tenus, des r\u00e9unions efficaces, des r\u00e9sultats au rendez-vous.<br><\/p>\n<p>Ces \u00e9quipes-l\u00e0, ce sont <strong>les h\u00e9ros locaux<\/strong>. Des managers inspirants, des collaborateurs moteurs. Gr\u00e2ce \u00e0 eux, le Lean vit. Mais \u00e0 quelques bureaux de l\u00e0\u2026 silence radio. D\u2019autres \u00e9quipes peinent \u00e0 suivre. Pas par mauvaise volont\u00e9, mais faute de cadre, faute de relais, faute de coh\u00e9rence. Chacun avance comme il peut, <strong>sans boussole commune<\/strong>.<br><\/p>\n<p>C\u2019est ce que nous appelons le <strong>\u201cVillage Gaulois\u201d<\/strong> : une organisation o\u00f9 l\u2019excellence est bien pr\u00e9sente, mais <strong>d\u00e9pendante de l\u2019\u00e9nergie individuelle plut\u00f4t que du syst\u00e8me<\/strong>. C\u2019est une organisation efficace, mais pas forc\u00e9ment efficiente : capable d\u2019atteindre des r\u00e9sultats, mais \u2026 \u00e0 quel prix ! Tout repose sur quelques champions. Et lorsque l\u2019un d\u2019eux s\u2019en va ou se d\u00e9courage\u2026 le souffle retombe.<br><\/p>\n<p>Et c\u2019est l\u00e0 le c\u0153ur du sujet : dans ces organisations, <strong>l\u2019autonomie est forte, mais l\u2019apprentissage reste local<\/strong>. Les efforts sont intenses, mais <strong>les r\u00e9sultats ne se diffusent pas<\/strong>, ou difficilement. On avance, oui, mais <strong>au prix de beaucoup d\u2019\u00e9nergie<\/strong>, sans capitaliser, sans franchir de cap collectif.<\/p>\n<p>Alors, comment \u00e9voluer ?<br>Il ne s\u2019agit pas d\u2019\u00e9teindre cette flamme locale, mais <strong>d\u2019en allumer d\u2019autres \u00e0 travers l\u2019organisation<\/strong>.<br>Dans un premier temps en s\u2019appuyant sur les \u00e9l\u00e9ments les plus moteur, mais apr\u00e8s le d\u00e9marrage il faut rapidement mettre en avant les r\u00e9ussites collectives, afin de contrecarrer la culture du h\u00e9ros.<br><\/p>\n<p>A la diff\u00e9rence de l\u2019Organisation M\u00e9canique, le Village Gaulois a besoin de plus de cadre, de rep\u00e8res et de stabilit\u00e9. C\u2019est l\u00e0 que le r\u00f4le du management devient essentiel : non pas pour tout d\u00e9cider, mais <strong>pour construire un langage commun<\/strong>, reconna\u00eetre, valoriser, et relier les initiatives locales \u00e0 une vision plus large.<\/p>\n<p>Car <strong>on ne devient pas une organisation apprenante par d\u00e9cret<\/strong>. On y parvient en cr\u00e9ant les conditions pour que <strong>chaque \u00ab\u00a0village\u00a0\u00bb ait envie de rejoindre le \u00ab\u00a0pays\u00a0\u00bb<\/strong>. Et en montrant que le collectif peut d\u00e9cupler l\u2019impact de chaque initiative individuelle.<\/p>\t\t\t\t\t\t\t\t<\/div>\n\t\t\t\t<\/div>\n\t\t\t\t<div class=\"elementor-element elementor-element-2d5fc7c elementor-widget elementor-widget-heading\" data-id=\"2d5fc7c\" data-element_type=\"widget\" data-e-type=\"widget\" data-widget_type=\"heading.default\">\n\t\t\t\t<div class=\"elementor-widget-container\">\n\t\t\t\t\t<h3 class=\"elementor-heading-title elementor-size-default\">L\u2019organisation \u201cApprenante\u201d : Maturit\u00e9 Lean optimale (Haut droite) <\/h3>\t\t\t\t<\/div>\n\t\t\t\t<\/div>\n\t\t\t\t<div class=\"elementor-element elementor-element-b15185a elementor-widget elementor-widget-image\" data-id=\"b15185a\" data-element_type=\"widget\" data-e-type=\"widget\" data-widget_type=\"image.default\">\n\t\t\t\t<div class=\"elementor-widget-container\">\n\t\t\t\t\t\t\t\t\t\t\t\t\t\t\t<img loading=\"lazy\" decoding=\"async\" width=\"800\" height=\"491\" src=\"https:\/\/www.iobeya.com\/wp-content\/uploads\/2025\/07\/6-focus-sur-lorganisation-apprenante-dans-le-modele-de-maturite-lean-1024x628.webp\" class=\"attachment-large size-large wp-image-55254\" alt=\"Zoom sur le cadran Apprenante : structure align\u00e9e, pilotage par les syst\u00e8mes et culture manag\u00e9riale bas\u00e9e sur les valeurs et l\u2019apprentissage\" srcset=\"https:\/\/www.iobeya.com\/wp-content\/uploads\/2025\/07\/6-focus-sur-lorganisation-apprenante-dans-le-modele-de-maturite-lean-1024x628.webp 1024w, https:\/\/www.iobeya.com\/wp-content\/uploads\/2025\/07\/6-focus-sur-lorganisation-apprenante-dans-le-modele-de-maturite-lean-300x184.webp 300w, https:\/\/www.iobeya.com\/wp-content\/uploads\/2025\/07\/6-focus-sur-lorganisation-apprenante-dans-le-modele-de-maturite-lean-768x471.webp 768w, https:\/\/www.iobeya.com\/wp-content\/uploads\/2025\/07\/6-focus-sur-lorganisation-apprenante-dans-le-modele-de-maturite-lean-1536x942.webp 1536w, https:\/\/www.iobeya.com\/wp-content\/uploads\/2025\/07\/6-focus-sur-lorganisation-apprenante-dans-le-modele-de-maturite-lean.webp 1728w\" sizes=\"(max-width: 800px) 100vw, 800px\" \/>\t\t\t\t\t\t\t\t\t\t\t\t\t\t\t<\/div>\n\t\t\t\t<\/div>\n\t\t\t\t<div class=\"elementor-element elementor-element-b06b301 elementor-widget elementor-widget-text-editor\" data-id=\"b06b301\" data-element_type=\"widget\" data-e-type=\"widget\" data-widget_type=\"text-editor.default\">\n\t\t\t\t<div class=\"elementor-widget-container\">\n\t\t\t\t\t\t\t\t\t<p><strong>Ce cadran repr\u00e9sente le mod\u00e8le cible pour les organisations Lean&nbsp;: les \u00e9quipes sont autonomes, engag\u00e9es, et les standards sont largement diffus\u00e9s et int\u00e9gr\u00e9s. On parle de stabilit\u00e9 dynamique, de culture de l\u2019apprentissage, de pilotage par les syst\u00e8mes, et de digitalisation transverse.<br>L\u2019organisation devient r\u00e9siliente, adaptative et durable.<\/strong><br><\/p>\n<p>Prenons pour exemple une entreprise o\u00f9 les \u00e9quipes <strong>prennent des d\u00e9cisions avec assurance<\/strong>, o\u00f9 les standards sont <strong>clairs mais \u00e9volutifs<\/strong>, et o\u00f9 les probl\u00e8mes sont <strong>vus comme des opportunit\u00e9s<\/strong>.<br><\/p>\n<p>Une entreprise o\u00f9 le Lean ne se r\u00e9sume pas \u00e0 une m\u00e9thode\u2026 mais <strong>fait partie int\u00e9grante de la culture<\/strong>.<br><\/p>\n<p>Bienvenue dans l\u2019<strong>organisation apprenante<\/strong>.<br><\/p>\n<p>Ici, <strong>l\u2019autonomie des \u00e9quipes est forte<\/strong>. Mais cette autonomie n\u2019est pas synonyme de chaos : elle s\u2019inscrit dans un cadre partag\u00e9. Les standards Lean sont <strong>pr\u00e9sents partout<\/strong>, mais ce ne sont pas des carcans : ce sont des <strong>boussoles<\/strong> co-construites, discut\u00e9es, am\u00e9lior\u00e9es. Chacun sait <strong>pourquoi on fait les choses<\/strong>, pas juste comment.<br><\/p>\n<p><em>\u00ab On essaie de montrer l\u2019impact que chacun peut avoir sur le monde \u00bb, expliquait un chef de projet.<br>\n\u00ab Ce sont ces valeurs partag\u00e9es qui nous permettent de tendre vers l\u2019organisation apprenante. \u00bb<\/em><br><\/p>\n<p>Dans ces entreprises, le management ne pilote pas <strong>\u00e0 distance<\/strong>. Il est <strong>pr\u00e9sent, impliqu\u00e9, exemplaire<\/strong>.<br>\nIl donne du sens, cr\u00e9e des ponts entre les niveaux, et surtout\u2026 il \u00e9coute. L\u2019information circule <strong>dans les deux sens<\/strong>, de mani\u00e8re fluide, r\u00e9guli\u00e8re, visible.<br><\/p>\n<p><em>\u00ab Une organisation apprenante, c\u2019est quand tout le monde parle le m\u00eame langage, du comit\u00e9 de direction jusqu\u2019au terrain. \u00bb<\/em><br><\/p>\n<p>C\u2019est aussi une culture o\u00f9 <strong>l\u2019erreur n\u2019est pas punie mais analys\u00e9e<\/strong>, o\u00f9 chacun peut proposer, exp\u00e9rimenter, innover.<br>\nLe management visuel devient un <strong>support \u00e0 la r\u00e9flexion<\/strong>, pas une simple vitrine.<br>\nLe digital \u2013 comme <strong>iObeya<\/strong> \u2013 est utilis\u00e9 pour <strong>structurer la collaboration, cascader les objectifs, agir sur les irritants, partager les succ\u00e8s<\/strong>.<br><\/p>\n<p><em>\u00ab On ne cherche pas \u00e0 imposer iObeya partout, mais \u00e0 semer l\u00e0 o\u00f9 cela a du sens\u2026 puis \u00e0 amplifier l\u00e0 o\u00f9 \u00e7a prend. \u00bb<\/em><br><\/p>\n<p>C\u2019est une dynamique vivante, \u00e9volutive, jamais fig\u00e9e. Ce type d\u2019organisation n\u2019est <strong>ni parfaite, ni termin\u00e9e<\/strong> : elle est <strong>en mouvement permanent<\/strong>, port\u00e9e par une conviction simple mais puissante : <strong>on peut toujours mieux faire, ensemble<\/strong>.<br><\/p>\n<p>C\u2019est aussi une entreprise <strong>centr\u00e9e sur l\u2019humain<\/strong>. O\u00f9 l\u2019on prend le temps de <strong>s\u2019\u00e9couter, de se comprendre, de s\u2019aligner<\/strong>. O\u00f9 l\u2019on cherche \u00e0 construire <strong>des syst\u00e8mes durables<\/strong>, o\u00f9 la performance est vue dans toutes ses dimensions : qualit\u00e9, co\u00fbt, d\u00e9lais\u2026 mais aussi <strong>bien-\u00eatre, apprentissage et fiert\u00e9 collective<\/strong>.<br><\/p>\n<p>En bref :<br><\/p>\n<ul>\n<li><strong>Du sens en haut<\/strong><\/li>\n<li><strong>De l\u2019autonomie en bas<\/strong><\/li>\n<li><strong>Des standards au milieu<\/strong><\/li>\n<li><strong>Et de la confiance partout.<\/strong><\/li><\/ul><div><b><br><\/b><\/div>\n<p><strong>Le mod\u00e8le met en \u00e9vidence<\/strong> que la transformation Lean ne peut se limiter \u00e0 la mise en place de standards ou d\u2019outils : elle requiert une \u00e9volution profonde de la culture manag\u00e9riale et une r\u00e9elle <strong>mont\u00e9e en puissance des \u00e9quipes<\/strong>.<\/p><p>Le <strong>passage d\u2019un cadran \u00e0 un autre<\/strong> suppose souvent un accompagnement cibl\u00e9, une gouvernance adapt\u00e9e, et une digitalisation au service des processus et non de leur simple contr\u00f4le.<br><\/p><p>Ce mod\u00e8le fournit un <strong>cadre de lecture strat\u00e9gique<\/strong> pour guider la transformation Lean, en soulignant l\u2019importance de <strong>concilier syst\u00e9matisation et empowerment<\/strong> pour construire une organisation apprenante, performante et r\u00e9siliente.<\/p>\n<p>Chaque organisation doit trouver <strong>son propre chemin<\/strong> vers la maturit\u00e9 Lean. Certaines commenceront par la <strong>base<\/strong>, d&rsquo;autres par la <strong>direction<\/strong>.<\/p><p>\nDans tous les cas, <strong>l\u2019\u00e9quilibre entre autonomie locale et pilotage global<\/strong> reste la clef.<\/p>\t\t\t\t\t\t\t\t<\/div>\n\t\t\t\t<\/div>\n\t\t\t\t<div class=\"elementor-element elementor-element-33e4ecf elementor-widget elementor-widget-heading\" data-id=\"33e4ecf\" data-element_type=\"widget\" data-e-type=\"widget\" id=\"anchor4\" data-widget_type=\"heading.default\">\n\t\t\t\t<div class=\"elementor-widget-container\">\n\t\t\t\t\t<h2 class=\"elementor-heading-title elementor-size-default\">Conclusion \u2013 Viser une transformation Lean durable et \u00e9quilibr\u00e9e<\/h2>\t\t\t\t<\/div>\n\t\t\t\t<\/div>\n\t\t\t\t<div class=\"elementor-element elementor-element-d82f97b elementor-widget elementor-widget-text-editor\" data-id=\"d82f97b\" data-element_type=\"widget\" data-e-type=\"widget\" data-widget_type=\"text-editor.default\">\n\t\t\t\t<div class=\"elementor-widget-container\">\n\t\t\t\t\t\t\t\t\t<p>Ce que nous avons appris sur le terrain, c\u2019est que la transformation Lean ne d\u00e9pend pas seulement des outils. Elle repose avant tout sur les femmes et les hommes qui la font vivre chaque jour.<br><\/p>\n<p>Des solutions comme <strong>iObeya<\/strong> peuvent aider \u00e0 structurer les \u00e9changes, \u00e0 rendre les r\u00e9unions plus efficaces et \u00e0 mieux connecter les \u00e9quipes. Mais un outil, aussi performant soit-il, ne suffit pas \u00e0 lui seul. C\u2019est la mani\u00e8re dont on l\u2019utilise, ensemble, qui fait la diff\u00e9rence.<br><\/p>\n<p>Pour r\u00e9ussir, il faut :<\/p>\n<ul>\n<li>Mettre <strong>l\u2019humain au centre<\/strong> du changement,<\/li>\n<li><strong>Aligner<\/strong> les objectifs entre les dirigeants et les \u00e9quipes terrain,<\/li>\n<li><strong>Soutenir le management interm\u00e9diaire<\/strong>, souvent pris entre plusieurs contraintes,<\/li>\n<li>Et <strong>organiser une communication claire<\/strong> entre tous les niveaux de l\u2019entreprise.<\/li><\/ul><div><br><\/div>\n<p>Dans ce cadre, le mod\u00e8le de maturit\u00e9 Lean devient une aide pr\u00e9cieuse. Ce n\u2019est pas juste un outil d\u2019\u00e9valuation, c\u2019est <strong>un guide pour avancer \u00e9tape par \u00e9tape<\/strong>, donner du sens \u00e0 ce qu\u2019on fait, et faire \u00e9voluer la culture de l\u2019entreprise de mani\u00e8re durable.<br><\/p>\n<p>Changer prend du temps, mais avec une bonne direction, une vision partag\u00e9e et les bons appuis, comme <strong>iObeya<\/strong>, il devient possible de progresser avec confiance et s\u00e9r\u00e9nit\u00e9.<\/p>\t\t\t\t\t\t\t\t<\/div>\n\t\t\t\t<\/div>\n\t\t\t\t<section class=\"elementor-section elementor-inner-section elementor-element elementor-element-28cf4df1 elementor-section-boxed elementor-section-height-default elementor-section-height-default\" data-id=\"28cf4df1\" data-element_type=\"section\" data-e-type=\"section\">\n\t\t\t\t\t\t<div class=\"elementor-container elementor-column-gap-default\">\n\t\t\t\t\t<div class=\"elementor-column elementor-col-50 elementor-inner-column elementor-element elementor-element-530c1ebb\" data-id=\"530c1ebb\" data-element_type=\"column\" data-e-type=\"column\">\n\t\t\t<div class=\"elementor-widget-wrap elementor-element-populated\">\n\t\t\t\t\t\t<div class=\"elementor-element elementor-element-48a132e1 elementor-author-box--image-valign-middle author-bagde elementor-author-box--avatar-yes elementor-author-box--name-yes elementor-author-box--link-no elementor-widget elementor-widget-author-box\" data-id=\"48a132e1\" data-element_type=\"widget\" data-e-type=\"widget\" data-widget_type=\"author-box.default\">\n\t\t\t\t<div class=\"elementor-widget-container\">\n\t\t\t\t\t\t\t<div class=\"elementor-author-box\">\n\t\t\t\t\t\t\t<a href=\"https:\/\/www.iobeya.com\/fr\/author\/nolivetti\/\" class=\"elementor-author-box__avatar\">\n\t\t\t\t\t<img decoding=\"async\" src=\"https:\/\/secure.gravatar.com\/avatar\/d8de987536303a88271f30e1d10c2c3ab76f891f13d0c6d126ee1b740b843358?s=300&#038;d=mm&#038;r=g\" alt=\"Image de Nicola Olivetti\" loading=\"lazy\">\n\t\t\t\t<\/a>\n\t\t\t\n\t\t\t<div class=\"elementor-author-box__text\">\n\t\t\t\t\t\t\t\t\t<a href=\"https:\/\/www.iobeya.com\/fr\/author\/nolivetti\/\">\n\t\t\t\t\t\t<span class=\"elementor-author-box__name\">\n\t\t\t\t\t\t\tNicola Olivetti\t\t\t\t\t\t<\/span>\n\t\t\t\t\t<\/a>\n\t\t\t\t\n\t\t\t\t\n\t\t\t\t\t\t\t<\/div>\n\t\t<\/div>\n\t\t\t\t\t\t<\/div>\n\t\t\t\t<\/div>\n\t\t\t\t\t<\/div>\n\t\t<\/div>\n\t\t\t\t<div class=\"elementor-column elementor-col-50 elementor-inner-column elementor-element elementor-element-162c1715 elementor-hidden-mobile\" data-id=\"162c1715\" data-element_type=\"column\" data-e-type=\"column\">\n\t\t\t<div class=\"elementor-widget-wrap elementor-element-populated\">\n\t\t\t\t\t\t<div class=\"elementor-element elementor-element-7679e490 elementor-share-buttons--view-icon elementor-share-buttons--skin-minimal elementor-share-buttons--shape-circle elementor-share-buttons--color-custom share-btn-article elementor-widget__width-auto elementor-grid-mobile-2 elementor-grid-0 elementor-widget elementor-widget-share-buttons\" data-id=\"7679e490\" data-element_type=\"widget\" data-e-type=\"widget\" data-widget_type=\"share-buttons.default\">\n\t\t\t\t<div class=\"elementor-widget-container\">\n\t\t\t\t\t\t\t<div class=\"elementor-grid\" role=\"list\">\n\t\t\t\t\t\t\t\t<div class=\"elementor-grid-item\" role=\"listitem\">\n\t\t\t\t\t\t<div class=\"elementor-share-btn elementor-share-btn_twitter\" role=\"button\" tabindex=\"0\" aria-label=\"Partager sur twitter\">\n\t\t\t\t\t\t\t\t\t\t\t\t\t\t\t<span class=\"elementor-share-btn__icon\">\n\t\t\t\t\t\t\t\t<i class=\"fab fa-twitter\" aria-hidden=\"true\"><\/i>\t\t\t\t\t\t\t<\/span>\n\t\t\t\t\t\t\t\t\t\t\t\t\t\t\t\t\t\t\t\t<\/div>\n\t\t\t\t\t<\/div>\n\t\t\t\t\t\t\t\t\t<div class=\"elementor-grid-item\" role=\"listitem\">\n\t\t\t\t\t\t<div class=\"elementor-share-btn elementor-share-btn_linkedin\" role=\"button\" tabindex=\"0\" aria-label=\"Partager sur linkedin\">\n\t\t\t\t\t\t\t\t\t\t\t\t\t\t\t<span class=\"elementor-share-btn__icon\">\n\t\t\t\t\t\t\t\t<i class=\"fab fa-linkedin\" aria-hidden=\"true\"><\/i>\t\t\t\t\t\t\t<\/span>\n\t\t\t\t\t\t\t\t\t\t\t\t\t\t\t\t\t\t\t\t<\/div>\n\t\t\t\t\t<\/div>\n\t\t\t\t\t\t<\/div>\n\t\t\t\t\t\t<\/div>\n\t\t\t\t<\/div>\n\t\t\t\t<div class=\"elementor-element elementor-element-18063fef elementor-widget__width-auto share-btn-article elementor-widget elementor-widget-html\" data-id=\"18063fef\" data-element_type=\"widget\" data-e-type=\"widget\" data-widget_type=\"html.default\">\n\t\t\t\t<div class=\"elementor-widget-container\">\n\t\t\t\t\t<input class=\"copie-article-link\" type=\"button\" value=\" \" \/>\t\t\t\t<\/div>\n\t\t\t\t<\/div>\n\t\t\t\t\t<\/div>\n\t\t<\/div>\n\t\t\t\t\t<\/div>\n\t\t<\/section>\n\t\t\t\t<section class=\"elementor-section elementor-inner-section elementor-element elementor-element-10810ee0 elementor-hidden-widescreen elementor-hidden-desktop elementor-hidden-laptop elementor-hidden-tablet_extra elementor-hidden-tablet elementor-hidden-mobile_extra elementor-section-boxed elementor-section-height-default elementor-section-height-default\" data-id=\"10810ee0\" data-element_type=\"section\" data-e-type=\"section\">\n\t\t\t\t\t\t<div class=\"elementor-container elementor-column-gap-default\">\n\t\t\t\t\t<div class=\"elementor-column elementor-col-100 elementor-inner-column elementor-element elementor-element-30511a50\" data-id=\"30511a50\" data-element_type=\"column\" data-e-type=\"column\">\n\t\t\t<div class=\"elementor-widget-wrap elementor-element-populated\">\n\t\t\t\t\t\t<div class=\"elementor-element elementor-element-7683c751 elementor-share-buttons--view-icon elementor-share-buttons--skin-minimal elementor-share-buttons--shape-circle elementor-share-buttons--color-custom share-btn-article elementor-widget__width-auto elementor-grid-mobile-2 elementor-grid-0 elementor-widget elementor-widget-share-buttons\" data-id=\"7683c751\" data-element_type=\"widget\" data-e-type=\"widget\" data-widget_type=\"share-buttons.default\">\n\t\t\t\t<div class=\"elementor-widget-container\">\n\t\t\t\t\t\t\t<div class=\"elementor-grid\" role=\"list\">\n\t\t\t\t\t\t\t\t<div class=\"elementor-grid-item\" role=\"listitem\">\n\t\t\t\t\t\t<div class=\"elementor-share-btn elementor-share-btn_twitter\" role=\"button\" tabindex=\"0\" aria-label=\"Partager sur twitter\">\n\t\t\t\t\t\t\t\t\t\t\t\t\t\t\t<span class=\"elementor-share-btn__icon\">\n\t\t\t\t\t\t\t\t<i class=\"fab fa-twitter\" aria-hidden=\"true\"><\/i>\t\t\t\t\t\t\t<\/span>\n\t\t\t\t\t\t\t\t\t\t\t\t\t\t\t\t\t\t\t\t<\/div>\n\t\t\t\t\t<\/div>\n\t\t\t\t\t\t\t\t\t<div class=\"elementor-grid-item\" role=\"listitem\">\n\t\t\t\t\t\t<div class=\"elementor-share-btn elementor-share-btn_linkedin\" role=\"button\" tabindex=\"0\" aria-label=\"Partager sur linkedin\">\n\t\t\t\t\t\t\t\t\t\t\t\t\t\t\t<span class=\"elementor-share-btn__icon\">\n\t\t\t\t\t\t\t\t<i class=\"fab fa-linkedin\" aria-hidden=\"true\"><\/i>\t\t\t\t\t\t\t<\/span>\n\t\t\t\t\t\t\t\t\t\t\t\t\t\t\t\t\t\t\t\t<\/div>\n\t\t\t\t\t<\/div>\n\t\t\t\t\t\t<\/div>\n\t\t\t\t\t\t<\/div>\n\t\t\t\t<\/div>\n\t\t\t\t<div class=\"elementor-element elementor-element-612752c2 elementor-widget__width-auto share-btn-article elementor-widget elementor-widget-html\" data-id=\"612752c2\" data-element_type=\"widget\" data-e-type=\"widget\" data-widget_type=\"html.default\">\n\t\t\t\t<div class=\"elementor-widget-container\">\n\t\t\t\t\t<input class=\"copie-article-link\" type=\"button\" value=\" \" \/>\t\t\t\t<\/div>\n\t\t\t\t<\/div>\n\t\t\t\t\t<\/div>\n\t\t<\/div>\n\t\t\t\t\t<\/div>\n\t\t<\/section>\n\t\t\t\t\t<\/div>\n\t\t<\/div>\n\t\t\t\t\t<\/div>\n\t\t<\/section>\n\t\t\t\t<section class=\"elementor-section elementor-top-section elementor-element elementor-element-5fc2d17f elementor-section-boxed elementor-section-height-default elementor-section-height-default\" data-id=\"5fc2d17f\" data-element_type=\"section\" data-e-type=\"section\">\n\t\t\t\t\t\t<div class=\"elementor-container elementor-column-gap-default\">\n\t\t\t\t\t<div class=\"elementor-column elementor-col-100 elementor-top-column elementor-element elementor-element-69244bc5 elementor-hidden-widescreen elementor-hidden-desktop elementor-hidden-laptop elementor-hidden-tablet_extra elementor-hidden-tablet elementor-hidden-mobile_extra\" data-id=\"69244bc5\" data-element_type=\"column\" data-e-type=\"column\" data-settings=\"{&quot;background_background&quot;:&quot;classic&quot;}\">\n\t\t\t<div class=\"elementor-widget-wrap elementor-element-populated\">\n\t\t\t\t\t\t<div class=\"elementor-element elementor-element-7bcb1af4 elementor-widget elementor-widget-heading\" data-id=\"7bcb1af4\" data-element_type=\"widget\" data-e-type=\"widget\" data-widget_type=\"heading.default\">\n\t\t\t\t<div class=\"elementor-widget-container\">\n\t\t\t\t\t<h3 class=\"elementor-heading-title elementor-size-default\">Commencer<br \/>\nmon aventure iObeya !<\/h3>\t\t\t\t<\/div>\n\t\t\t\t<\/div>\n\t\t\t\t<div class=\"elementor-element elementor-element-5ce87848 elementor-mobile-align-center elementor-widget elementor-widget-button\" data-id=\"5ce87848\" data-element_type=\"widget\" data-e-type=\"widget\" data-widget_type=\"button.default\">\n\t\t\t\t<div class=\"elementor-widget-container\">\n\t\t\t\t\t\t\t\t\t<div class=\"elementor-button-wrapper\">\n\t\t\t\t\t<a class=\"elementor-button elementor-button-link elementor-size-sm\" href=\"https:\/\/www.iobeya.com\/fr\/request-a-demo\/\">\n\t\t\t\t\t\t<span class=\"elementor-button-content-wrapper\">\n\t\t\t\t\t\t\t\t\t<span class=\"elementor-button-text\">Demandez une d\u00e9mo<\/span>\n\t\t\t\t\t<\/span>\n\t\t\t\t\t<\/a>\n\t\t\t\t<\/div>\n\t\t\t\t\t\t\t\t<\/div>\n\t\t\t\t<\/div>\n\t\t\t\t\t<\/div>\n\t\t<\/div>\n\t\t\t\t\t<\/div>\n\t\t<\/section>\n\t\t\t\t<\/div>\n\t\t","protected":false},"excerpt":{"rendered":"<p>Commencer mon aventure iObeya ! Demandez une d\u00e9mo Adopter une culture Lean ne se r\u00e9sume pas \u00e0 impl\u00e9menter des outils ou \u00e0 rationaliser les processus. Il s\u2019agit avant tout d\u2019une transformation en profondeur de la culture organisationnelle, du management et des modes de collaboration.Mais comment \u00e9valuer o\u00f9 en est une organisation dans ce cheminement ? [&hellip;]<\/p>\n","protected":false},"author":4,"featured_media":55282,"comment_status":"closed","ping_status":"closed","sticky":false,"template":"","format":"standard","meta":{"_acf_changed":false,"inline_featured_image":false,"__cvm_playback_settings":[],"__cvm_video_id":"","footnotes":""},"categories":[304],"tags":[],"class_list":["post-55247","post","type-post","status-publish","format-standard","has-post-thumbnail","hentry","category-lean-fr"],"acf":[],"yoast_head":"<!-- This site is optimized with the Yoast SEO plugin v27.0 - https:\/\/yoast.com\/product\/yoast-seo-wordpress\/ -->\n<title>\u00c9valuez la maturit\u00e9 Lean de votre organisation simplement<\/title>\n<meta name=\"description\" content=\"D\u00e9couvrez les 4 stades de maturit\u00e9 Lean et positionnez votre entreprise sur ce parcours \u00e9volutif.\" \/>\n<meta name=\"robots\" content=\"index, follow, max-snippet:-1, max-image-preview:large, max-video-preview:-1\" \/>\n<link rel=\"canonical\" href=\"https:\/\/www.iobeya.com\/fr\/blog\/maturite-lean-evaluation-simplifiee\/\" \/>\n<meta property=\"og:locale\" content=\"fr_FR\" \/>\n<meta property=\"og:type\" content=\"article\" \/>\n<meta property=\"og:title\" content=\"\u00c9valuez la maturit\u00e9 Lean de votre organisation simplement\" \/>\n<meta property=\"og:description\" content=\"D\u00e9couvrez les 4 stades de maturit\u00e9 Lean et positionnez votre entreprise sur ce parcours \u00e9volutif.\" \/>\n<meta property=\"og:url\" content=\"https:\/\/www.iobeya.com\/fr\/blog\/maturite-lean-evaluation-simplifiee\/\" \/>\n<meta property=\"og:site_name\" content=\"iObeya\" \/>\n<meta property=\"article:published_time\" content=\"2025-07-10T13:02:09+00:00\" \/>\n<meta property=\"article:modified_time\" content=\"2025-07-15T08:58:35+00:00\" \/>\n<meta property=\"og:image\" content=\"https:\/\/www.iobeya.com\/wp-content\/uploads\/2025\/07\/maturite-lean-photo-1024x628.png\" \/>\n\t<meta property=\"og:image:width\" content=\"1024\" \/>\n\t<meta property=\"og:image:height\" content=\"628\" \/>\n\t<meta property=\"og:image:type\" content=\"image\/png\" \/>\n<meta name=\"author\" content=\"Nicola Olivetti\" \/>\n<meta name=\"twitter:card\" content=\"summary_large_image\" \/>\n<meta name=\"twitter:label1\" content=\"\u00c9crit par\" \/>\n\t<meta name=\"twitter:data1\" content=\"Nicola Olivetti\" \/>\n\t<meta name=\"twitter:label2\" content=\"Dur\u00e9e de lecture estim\u00e9e\" \/>\n\t<meta name=\"twitter:data2\" content=\"14 minutes\" \/>\n<script type=\"application\/ld+json\" class=\"yoast-schema-graph\">{\"@context\":\"https:\/\/schema.org\",\"@graph\":[{\"@type\":\"Article\",\"@id\":\"https:\/\/www.iobeya.com\/fr\/blog\/maturite-lean-evaluation-simplifiee\/#article\",\"isPartOf\":{\"@id\":\"https:\/\/www.iobeya.com\/fr\/blog\/maturite-lean-evaluation-simplifiee\/\"},\"author\":{\"name\":\"Nicola Olivetti\",\"@id\":\"https:\/\/www.iobeya.com\/fr\/#\/schema\/person\/95298a3dccef2c28ffc6e10ddb2ed6af\"},\"headline\":\"Maturit\u00e9 Lean: \u00e9valuez votre progression de fa\u00e7on simplifi\u00e9e\",\"datePublished\":\"2025-07-10T13:02:09+00:00\",\"dateModified\":\"2025-07-15T08:58:35+00:00\",\"mainEntityOfPage\":{\"@id\":\"https:\/\/www.iobeya.com\/fr\/blog\/maturite-lean-evaluation-simplifiee\/\"},\"wordCount\":2794,\"publisher\":{\"@id\":\"https:\/\/www.iobeya.com\/fr\/#organization\"},\"image\":{\"@id\":\"https:\/\/www.iobeya.com\/fr\/blog\/maturite-lean-evaluation-simplifiee\/#primaryimage\"},\"thumbnailUrl\":\"https:\/\/www.iobeya.com\/wp-content\/uploads\/2025\/07\/maturite-lean-photo.png\",\"articleSection\":[\"Lean\"],\"inLanguage\":\"fr-FR\"},{\"@type\":\"WebPage\",\"@id\":\"https:\/\/www.iobeya.com\/fr\/blog\/maturite-lean-evaluation-simplifiee\/\",\"url\":\"https:\/\/www.iobeya.com\/fr\/blog\/maturite-lean-evaluation-simplifiee\/\",\"name\":\"\u00c9valuez la maturit\u00e9 Lean de votre organisation simplement\",\"isPartOf\":{\"@id\":\"https:\/\/www.iobeya.com\/fr\/#website\"},\"primaryImageOfPage\":{\"@id\":\"https:\/\/www.iobeya.com\/fr\/blog\/maturite-lean-evaluation-simplifiee\/#primaryimage\"},\"image\":{\"@id\":\"https:\/\/www.iobeya.com\/fr\/blog\/maturite-lean-evaluation-simplifiee\/#primaryimage\"},\"thumbnailUrl\":\"https:\/\/www.iobeya.com\/wp-content\/uploads\/2025\/07\/maturite-lean-photo.png\",\"datePublished\":\"2025-07-10T13:02:09+00:00\",\"dateModified\":\"2025-07-15T08:58:35+00:00\",\"description\":\"D\u00e9couvrez les 4 stades de maturit\u00e9 Lean et positionnez votre entreprise sur ce parcours \u00e9volutif.\",\"breadcrumb\":{\"@id\":\"https:\/\/www.iobeya.com\/fr\/blog\/maturite-lean-evaluation-simplifiee\/#breadcrumb\"},\"inLanguage\":\"fr-FR\",\"potentialAction\":[{\"@type\":\"ReadAction\",\"target\":[\"https:\/\/www.iobeya.com\/fr\/blog\/maturite-lean-evaluation-simplifiee\/\"]}]},{\"@type\":\"ImageObject\",\"inLanguage\":\"fr-FR\",\"@id\":\"https:\/\/www.iobeya.com\/fr\/blog\/maturite-lean-evaluation-simplifiee\/#primaryimage\",\"url\":\"https:\/\/www.iobeya.com\/wp-content\/uploads\/2025\/07\/maturite-lean-photo.png\",\"contentUrl\":\"https:\/\/www.iobeya.com\/wp-content\/uploads\/2025\/07\/maturite-lean-photo.png\",\"width\":1728,\"height\":1060,\"caption\":\"Customer participants analyze the projected Lean maturity matrix together during a collaborative workshop\"},{\"@type\":\"BreadcrumbList\",\"@id\":\"https:\/\/www.iobeya.com\/fr\/blog\/maturite-lean-evaluation-simplifiee\/#breadcrumb\",\"itemListElement\":[{\"@type\":\"ListItem\",\"position\":1,\"name\":\"Home\",\"item\":\"https:\/\/www.iobeya.com\/fr\/\"},{\"@type\":\"ListItem\",\"position\":2,\"name\":\"Maturit\u00e9 Lean: \u00e9valuez votre progression de fa\u00e7on simplifi\u00e9e\"}]},{\"@type\":\"WebSite\",\"@id\":\"https:\/\/www.iobeya.com\/fr\/#website\",\"url\":\"https:\/\/www.iobeya.com\/fr\/\",\"name\":\"iObeya\",\"description\":\"Un site utilisant WordPress\",\"publisher\":{\"@id\":\"https:\/\/www.iobeya.com\/fr\/#organization\"},\"potentialAction\":[{\"@type\":\"SearchAction\",\"target\":{\"@type\":\"EntryPoint\",\"urlTemplate\":\"https:\/\/www.iobeya.com\/fr\/?s={search_term_string}\"},\"query-input\":{\"@type\":\"PropertyValueSpecification\",\"valueRequired\":true,\"valueName\":\"search_term_string\"}}],\"inLanguage\":\"fr-FR\"},{\"@type\":\"Organization\",\"@id\":\"https:\/\/www.iobeya.com\/fr\/#organization\",\"name\":\"iObeya\",\"url\":\"https:\/\/www.iobeya.com\/fr\/\",\"logo\":{\"@type\":\"ImageObject\",\"inLanguage\":\"fr-FR\",\"@id\":\"https:\/\/www.iobeya.com\/fr\/#\/schema\/logo\/image\/\",\"url\":\"https:\/\/www.iobeya.com\/wp-content\/uploads\/2025\/10\/cropped-iOb-Logo-Black.png\",\"contentUrl\":\"https:\/\/www.iobeya.com\/wp-content\/uploads\/2025\/10\/cropped-iOb-Logo-Black.png\",\"width\":782,\"height\":192,\"caption\":\"iObeya\"},\"image\":{\"@id\":\"https:\/\/www.iobeya.com\/fr\/#\/schema\/logo\/image\/\"}},{\"@type\":\"Person\",\"@id\":\"https:\/\/www.iobeya.com\/fr\/#\/schema\/person\/95298a3dccef2c28ffc6e10ddb2ed6af\",\"name\":\"Nicola Olivetti\",\"image\":{\"@type\":\"ImageObject\",\"inLanguage\":\"fr-FR\",\"@id\":\"https:\/\/www.iobeya.com\/fr\/#\/schema\/person\/image\/\",\"url\":\"https:\/\/secure.gravatar.com\/avatar\/d8de987536303a88271f30e1d10c2c3ab76f891f13d0c6d126ee1b740b843358?s=96&d=mm&r=g\",\"contentUrl\":\"https:\/\/secure.gravatar.com\/avatar\/d8de987536303a88271f30e1d10c2c3ab76f891f13d0c6d126ee1b740b843358?s=96&d=mm&r=g\",\"caption\":\"Nicola Olivetti\"},\"description\":\"Program Director Lean &amp; Industry 4.0, EMEA Nicola Olivetti is a Lean Six Sigma Black Belt with extensive experience in consulting and manufacturing. He leads iObeya\u2019s Lean and Industry 4.0 programs.\",\"url\":\"https:\/\/www.iobeya.com\/fr\/author\/nolivetti\/\"}]}<\/script>\n<!-- \/ Yoast SEO plugin. -->","yoast_head_json":{"title":"\u00c9valuez la maturit\u00e9 Lean de votre organisation simplement","description":"D\u00e9couvrez les 4 stades de maturit\u00e9 Lean et positionnez votre entreprise sur ce parcours \u00e9volutif.","robots":{"index":"index","follow":"follow","max-snippet":"max-snippet:-1","max-image-preview":"max-image-preview:large","max-video-preview":"max-video-preview:-1"},"canonical":"https:\/\/www.iobeya.com\/fr\/blog\/maturite-lean-evaluation-simplifiee\/","og_locale":"fr_FR","og_type":"article","og_title":"\u00c9valuez la maturit\u00e9 Lean de votre organisation simplement","og_description":"D\u00e9couvrez les 4 stades de maturit\u00e9 Lean et positionnez votre entreprise sur ce parcours \u00e9volutif.","og_url":"https:\/\/www.iobeya.com\/fr\/blog\/maturite-lean-evaluation-simplifiee\/","og_site_name":"iObeya","article_published_time":"2025-07-10T13:02:09+00:00","article_modified_time":"2025-07-15T08:58:35+00:00","og_image":[{"width":1024,"height":628,"url":"https:\/\/www.iobeya.com\/wp-content\/uploads\/2025\/07\/maturite-lean-photo-1024x628.png","type":"image\/png"}],"author":"Nicola Olivetti","twitter_card":"summary_large_image","twitter_misc":{"\u00c9crit par":"Nicola Olivetti","Dur\u00e9e de lecture estim\u00e9e":"14 minutes"},"schema":{"@context":"https:\/\/schema.org","@graph":[{"@type":"Article","@id":"https:\/\/www.iobeya.com\/fr\/blog\/maturite-lean-evaluation-simplifiee\/#article","isPartOf":{"@id":"https:\/\/www.iobeya.com\/fr\/blog\/maturite-lean-evaluation-simplifiee\/"},"author":{"name":"Nicola Olivetti","@id":"https:\/\/www.iobeya.com\/fr\/#\/schema\/person\/95298a3dccef2c28ffc6e10ddb2ed6af"},"headline":"Maturit\u00e9 Lean: \u00e9valuez votre progression de fa\u00e7on simplifi\u00e9e","datePublished":"2025-07-10T13:02:09+00:00","dateModified":"2025-07-15T08:58:35+00:00","mainEntityOfPage":{"@id":"https:\/\/www.iobeya.com\/fr\/blog\/maturite-lean-evaluation-simplifiee\/"},"wordCount":2794,"publisher":{"@id":"https:\/\/www.iobeya.com\/fr\/#organization"},"image":{"@id":"https:\/\/www.iobeya.com\/fr\/blog\/maturite-lean-evaluation-simplifiee\/#primaryimage"},"thumbnailUrl":"https:\/\/www.iobeya.com\/wp-content\/uploads\/2025\/07\/maturite-lean-photo.png","articleSection":["Lean"],"inLanguage":"fr-FR"},{"@type":"WebPage","@id":"https:\/\/www.iobeya.com\/fr\/blog\/maturite-lean-evaluation-simplifiee\/","url":"https:\/\/www.iobeya.com\/fr\/blog\/maturite-lean-evaluation-simplifiee\/","name":"\u00c9valuez la maturit\u00e9 Lean de votre organisation simplement","isPartOf":{"@id":"https:\/\/www.iobeya.com\/fr\/#website"},"primaryImageOfPage":{"@id":"https:\/\/www.iobeya.com\/fr\/blog\/maturite-lean-evaluation-simplifiee\/#primaryimage"},"image":{"@id":"https:\/\/www.iobeya.com\/fr\/blog\/maturite-lean-evaluation-simplifiee\/#primaryimage"},"thumbnailUrl":"https:\/\/www.iobeya.com\/wp-content\/uploads\/2025\/07\/maturite-lean-photo.png","datePublished":"2025-07-10T13:02:09+00:00","dateModified":"2025-07-15T08:58:35+00:00","description":"D\u00e9couvrez les 4 stades de maturit\u00e9 Lean et positionnez votre entreprise sur ce parcours \u00e9volutif.","breadcrumb":{"@id":"https:\/\/www.iobeya.com\/fr\/blog\/maturite-lean-evaluation-simplifiee\/#breadcrumb"},"inLanguage":"fr-FR","potentialAction":[{"@type":"ReadAction","target":["https:\/\/www.iobeya.com\/fr\/blog\/maturite-lean-evaluation-simplifiee\/"]}]},{"@type":"ImageObject","inLanguage":"fr-FR","@id":"https:\/\/www.iobeya.com\/fr\/blog\/maturite-lean-evaluation-simplifiee\/#primaryimage","url":"https:\/\/www.iobeya.com\/wp-content\/uploads\/2025\/07\/maturite-lean-photo.png","contentUrl":"https:\/\/www.iobeya.com\/wp-content\/uploads\/2025\/07\/maturite-lean-photo.png","width":1728,"height":1060,"caption":"Customer participants analyze the projected Lean maturity matrix together during a collaborative workshop"},{"@type":"BreadcrumbList","@id":"https:\/\/www.iobeya.com\/fr\/blog\/maturite-lean-evaluation-simplifiee\/#breadcrumb","itemListElement":[{"@type":"ListItem","position":1,"name":"Home","item":"https:\/\/www.iobeya.com\/fr\/"},{"@type":"ListItem","position":2,"name":"Maturit\u00e9 Lean: \u00e9valuez votre progression de fa\u00e7on simplifi\u00e9e"}]},{"@type":"WebSite","@id":"https:\/\/www.iobeya.com\/fr\/#website","url":"https:\/\/www.iobeya.com\/fr\/","name":"iObeya","description":"Un site utilisant WordPress","publisher":{"@id":"https:\/\/www.iobeya.com\/fr\/#organization"},"potentialAction":[{"@type":"SearchAction","target":{"@type":"EntryPoint","urlTemplate":"https:\/\/www.iobeya.com\/fr\/?s={search_term_string}"},"query-input":{"@type":"PropertyValueSpecification","valueRequired":true,"valueName":"search_term_string"}}],"inLanguage":"fr-FR"},{"@type":"Organization","@id":"https:\/\/www.iobeya.com\/fr\/#organization","name":"iObeya","url":"https:\/\/www.iobeya.com\/fr\/","logo":{"@type":"ImageObject","inLanguage":"fr-FR","@id":"https:\/\/www.iobeya.com\/fr\/#\/schema\/logo\/image\/","url":"https:\/\/www.iobeya.com\/wp-content\/uploads\/2025\/10\/cropped-iOb-Logo-Black.png","contentUrl":"https:\/\/www.iobeya.com\/wp-content\/uploads\/2025\/10\/cropped-iOb-Logo-Black.png","width":782,"height":192,"caption":"iObeya"},"image":{"@id":"https:\/\/www.iobeya.com\/fr\/#\/schema\/logo\/image\/"}},{"@type":"Person","@id":"https:\/\/www.iobeya.com\/fr\/#\/schema\/person\/95298a3dccef2c28ffc6e10ddb2ed6af","name":"Nicola Olivetti","image":{"@type":"ImageObject","inLanguage":"fr-FR","@id":"https:\/\/www.iobeya.com\/fr\/#\/schema\/person\/image\/","url":"https:\/\/secure.gravatar.com\/avatar\/d8de987536303a88271f30e1d10c2c3ab76f891f13d0c6d126ee1b740b843358?s=96&d=mm&r=g","contentUrl":"https:\/\/secure.gravatar.com\/avatar\/d8de987536303a88271f30e1d10c2c3ab76f891f13d0c6d126ee1b740b843358?s=96&d=mm&r=g","caption":"Nicola Olivetti"},"description":"Program Director Lean &amp; Industry 4.0, EMEA Nicola Olivetti is a Lean Six Sigma Black Belt with extensive experience in consulting and manufacturing. He leads iObeya\u2019s Lean and Industry 4.0 programs.","url":"https:\/\/www.iobeya.com\/fr\/author\/nolivetti\/"}]}},"vimeo_video":null,"_links":{"self":[{"href":"https:\/\/www.iobeya.com\/fr\/wp-json\/wp\/v2\/posts\/55247","targetHints":{"allow":["GET"]}}],"collection":[{"href":"https:\/\/www.iobeya.com\/fr\/wp-json\/wp\/v2\/posts"}],"about":[{"href":"https:\/\/www.iobeya.com\/fr\/wp-json\/wp\/v2\/types\/post"}],"author":[{"embeddable":true,"href":"https:\/\/www.iobeya.com\/fr\/wp-json\/wp\/v2\/users\/4"}],"replies":[{"embeddable":true,"href":"https:\/\/www.iobeya.com\/fr\/wp-json\/wp\/v2\/comments?post=55247"}],"version-history":[{"count":36,"href":"https:\/\/www.iobeya.com\/fr\/wp-json\/wp\/v2\/posts\/55247\/revisions"}],"predecessor-version":[{"id":55344,"href":"https:\/\/www.iobeya.com\/fr\/wp-json\/wp\/v2\/posts\/55247\/revisions\/55344"}],"wp:featuredmedia":[{"embeddable":true,"href":"https:\/\/www.iobeya.com\/fr\/wp-json\/wp\/v2\/media\/55282"}],"wp:attachment":[{"href":"https:\/\/www.iobeya.com\/fr\/wp-json\/wp\/v2\/media?parent=55247"}],"wp:term":[{"taxonomy":"category","embeddable":true,"href":"https:\/\/www.iobeya.com\/fr\/wp-json\/wp\/v2\/categories?post=55247"},{"taxonomy":"post_tag","embeddable":true,"href":"https:\/\/www.iobeya.com\/fr\/wp-json\/wp\/v2\/tags?post=55247"}],"curies":[{"name":"wp","href":"https:\/\/api.w.org\/{rel}","templated":true}]}}